{"id":1047,"date":"2024-09-30T11:50:30","date_gmt":"2024-09-30T09:50:30","guid":{"rendered":"https:\/\/soclecommun.org\/?p=1047"},"modified":"2024-09-30T12:00:51","modified_gmt":"2024-09-30T10:00:51","slug":"le-socle-commun-sengage-pour-la-semaine-bleue","status":"publish","type":"post","link":"http:\/\/soclecommun.org\/index.php\/2024\/09\/30\/le-socle-commun-sengage-pour-la-semaine-bleue\/","title":{"rendered":"Le Socle Commun s&rsquo;engage pour la Semaine Bleue"},"content":{"rendered":"\n<h3 class=\"wp-block-heading\"><strong>Le Socle Commun participe \u00e0 la Semaine Bleue aux c\u00f4t\u00e9s du Groupe VYV et de la R\u00e9sidence Les Ch\u00e8nevi\u00e8res<\/strong><\/h3>\n\n\n\n<p>Dans le cadre de la <strong>Semaine Bleue 2024<\/strong> , d\u00e9di\u00e9 \u00e0 changer le regard sur nos a\u00een\u00e9s, le <strong>Socle Commun<\/strong> a le plaisir de collaborer avec la <strong>R\u00e9sidence Les Ch\u00e8nevi\u00e8res<\/strong> et le <strong>Groupe VYV<\/strong> pour des ateliers interactifs et cr\u00e9atifs. Ces moments pr\u00e9cieux sont l&rsquo;occasion de renforcer les liens interg\u00e9n\u00e9rationnels et de stimuler la cr\u00e9ativit\u00e9 des r\u00e9sidents \u00e0 travers des activit\u00e9s ludiques et collaboratives.<\/p>\n\n\n\n<div class=\"wp-block-cover\"><span aria-hidden=\"true\" class=\"wp-block-cover__background has-background-dim\"><\/span><div class=\"wp-block-cover__inner-container is-layout-flow wp-block-cover-is-layout-flow\">\n<div class=\"wp-block-group is-layout-grid wp-container-core-group-is-layout-9649a0d9 wp-block-group-is-layout-grid\">\n<figure class=\"wp-block-gallery has-nested-images columns-default is-cropped wp-block-gallery-1 is-layout-flex wp-block-gallery-is-layout-flex\">\n<figure class=\"wp-block-image size-large\"><img fetchpriority=\"high\" decoding=\"async\" width=\"867\" height=\"1024\" data-id=\"1059\" src=\"https:\/\/mlyiwazn1rfo.i.optimole.com\/w:867\/h:1024\/q:mauto\/ig:avif\/https:\/\/soclecommun.org\/wp-content\/uploads\/2024\/09\/P6050129-1.jpg\" alt=\"\" class=\"wp-image-1059\" srcset=\"https:\/\/mlyiwazn1rfo.i.optimole.com\/w:867\/h:1024\/q:mauto\/ig:avif\/http:\/\/soclecommun.org\/wp-content\/uploads\/2024\/09\/P6050129-1.jpg 867w, https:\/\/mlyiwazn1rfo.i.optimole.com\/w:254\/h:300\/q:mauto\/ig:avif\/http:\/\/soclecommun.org\/wp-content\/uploads\/2024\/09\/P6050129-1.jpg 254w, https:\/\/mlyiwazn1rfo.i.optimole.com\/w:768\/h:907\/q:mauto\/ig:avif\/http:\/\/soclecommun.org\/wp-content\/uploads\/2024\/09\/P6050129-1.jpg 768w, https:\/\/mlyiwazn1rfo.i.optimole.com\/w:914\/h:1080\/q:mauto\/ig:avif\/http:\/\/soclecommun.org\/wp-content\/uploads\/2024\/09\/P6050129-1.jpg 1301w, https:\/\/mlyiwazn1rfo.i.optimole.com\/w:914\/h:1080\/q:mauto\/ig:avif\/http:\/\/soclecommun.org\/wp-content\/uploads\/2024\/09\/P6050129-1.jpg 1734w\" sizes=\"(max-width: 867px) 100vw, 867px\" \/><\/figure>\n<\/figure>\n\n\n\n<figure class=\"wp-block-gallery has-nested-images columns-default is-cropped wp-block-gallery-2 is-layout-flex wp-block-gallery-is-layout-flex\">\n<figure class=\"wp-block-image size-large\"><img fetchpriority=\"high\" decoding=\"async\" width=\"768\" height=\"1024\" data-id=\"1061\" src=\"https:\/\/mlyiwazn1rfo.i.optimole.com\/w:768\/h:1024\/q:mauto\/ig:avif\/https:\/\/soclecommun.org\/wp-content\/uploads\/2024\/09\/KM-SOLIDAIRES-1-2.jpg\" alt=\"\" class=\"wp-image-1061\" srcset=\"https:\/\/mlyiwazn1rfo.i.optimole.com\/w:768\/h:1024\/q:mauto\/ig:avif\/http:\/\/soclecommun.org\/wp-content\/uploads\/2024\/09\/KM-SOLIDAIRES-1-2.jpg 768w, https:\/\/mlyiwazn1rfo.i.optimole.com\/w:225\/h:300\/q:mauto\/ig:avif\/http:\/\/soclecommun.org\/wp-content\/uploads\/2024\/09\/KM-SOLIDAIRES-1-2.jpg 225w, https:\/\/mlyiwazn1rfo.i.optimole.com\/w:810\/h:1080\/q:mauto\/ig:avif\/http:\/\/soclecommun.org\/wp-content\/uploads\/2024\/09\/KM-SOLIDAIRES-1-2.jpg 1152w, https:\/\/mlyiwazn1rfo.i.optimole.com\/w:auto\/h:auto\/q:mauto\/ig:avif\/http:\/\/soclecommun.org\/wp-content\/uploads\/2024\/09\/KM-SOLIDAIRES-1-2.jpg 1200w\" sizes=\"(max-width: 768px) 100vw, 768px\" \/><\/figure>\n<\/figure>\n\n\n\n<figure class=\"wp-block-gallery has-nested-images columns-default is-cropped wp-block-gallery-3 is-layout-flex wp-block-gallery-is-layout-flex\">\n<figure class=\"wp-block-image size-large\"><img data-opt-src=\"https:\/\/mlyiwazn1rfo.i.optimole.com\/w:1024\/h:783\/q:mauto\/ig:avif\/https:\/\/soclecommun.org\/wp-content\/uploads\/2024\/09\/Socle-commun-2.jpg\"  decoding=\"async\" width=\"1024\" height=\"783\" data-id=\"1062\" src=\"data:image/svg+xml,%3Csvg%20viewBox%3D%220%200%201024%20783%22%20width%3D%221024%22%20height%3D%22783%22%20xmlns%3D%22http%3A%2F%2Fwww.w3.org%2F2000%2Fsvg%22%3E%3Crect%20width%3D%221024%22%20height%3D%22783%22%20fill%3D%22transparent%22%2F%3E%3C%2Fsvg%3E\" alt=\"\" class=\"wp-image-1062\" old-srcset=\"https:\/\/mlyiwazn1rfo.i.optimole.com\/w:1024\/h:783\/q:mauto\/ig:avif\/http:\/\/soclecommun.org\/wp-content\/uploads\/2024\/09\/Socle-commun-2.jpg 1024w, https:\/\/mlyiwazn1rfo.i.optimole.com\/w:300\/h:229\/q:mauto\/ig:avif\/http:\/\/soclecommun.org\/wp-content\/uploads\/2024\/09\/Socle-commun-2.jpg 300w, https:\/\/mlyiwazn1rfo.i.optimole.com\/w:768\/h:588\/q:mauto\/ig:avif\/http:\/\/soclecommun.org\/wp-content\/uploads\/2024\/09\/Socle-commun-2.jpg 768w, https:\/\/mlyiwazn1rfo.i.optimole.com\/w:1411\/h:1080\/q:mauto\/ig:avif\/http:\/\/soclecommun.org\/wp-content\/uploads\/2024\/09\/Socle-commun-2.jpg 1536w, https:\/\/mlyiwazn1rfo.i.optimole.com\/w:1411\/h:1080\/q:mauto\/ig:avif\/http:\/\/soclecommun.org\/wp-content\/uploads\/2024\/09\/Socle-commun-2.jpg 2048w\" \/><\/figure>\n<\/figure>\n<\/div>\n<\/div><\/div>\n\n\n\n<p>Cette ann\u00e9e, nous mettons en place l&rsquo;atelier <strong>\u00ab\u00a0Invitation aux Voyages\u00a0\u00bb<\/strong> , dans le cadre des <strong>Olympiades Bleues<\/strong> . Cet atelier, anim\u00e9 par <strong>Sophie<\/strong> , l&rsquo;animatrice de l&rsquo;EHPAD de Saint-Seine-l&rsquo;Abbaye, permet aux r\u00e9sidents de participer aux <strong>Kilom\u00e8tres Solidaires<\/strong> , un jeu collaboratif o\u00f9 l&rsquo;activit\u00e9 physique et les souvenirs de voyage sont \u00e0 l&rsquo;honneur .<\/p>\n\n\n\n<p><strong>Brigitte Vanden Brande<\/strong> , co-administratrice de l&rsquo;association Socle Commun, explique :<br><em>\u00ab\u00a0Nous avons souhait\u00e9 faire de cet atelier un moment de convivialit\u00e9 et d&rsquo;\u00e9vasion. L&rsquo;objectif est de permettre aux r\u00e9sidents de voyager symboliquement \u00e0 travers leurs souvenirs tout en cumulant des kilom\u00e8tres lors d&rsquo;activit\u00e9s physiques adapt\u00e9es, le tout dans une ambiance chaleureuse.\u00a0\u00bb<\/em><\/p>\n\n\n\n<p>L&rsquo;atelier <strong>\u00ab\u00a0Invitation aux Voyages\u00a0\u00bb<\/strong> est con\u00e7u pour encourager l&rsquo;activit\u00e9 physique, m\u00eame de mani\u00e8re symbolique, et pour <strong>\u00ab\u00a0Entretenir la Flamme\u00a0\u00bb<\/strong> , le th\u00e8me central de la Semaine Bleue 2024. Gr\u00e2ce \u00e0 des jeux interactifs, les participants peuvent accumuler des kilom\u00e8tres, tracer des itin\u00e9raires imaginaires sur des cartes de France et du monde, et se souvenir de voyages pass\u00e9s ou r\u00eav\u00e9s.<\/p>\n\n\n\n<p><strong>Le Socle Commun<\/strong> s&rsquo;engage activement dans l&rsquo;accompagnement des personnes \u00e2g\u00e9es et des populations fragiles, avec pour mission de <strong>cr\u00e9er du lien social<\/strong> et de stimuler l&rsquo;intelligence collective et cr\u00e9ative  \u00e0 travers des ateliers collaboratifs.<\/p>\n\n\n\n<h3 class=\"wp-block-heading\"><strong>Vous souhaitez en savoir plus ?<\/strong><\/h3>\n\n\n\n<p>Si vous \u00eates int\u00e9ress\u00e9 par nos actions ou si vous souhaitez mettre en place des initiatives similaires dans votre \u00e9tablissement ou entreprise, n&rsquo;h\u00e9sitez pas \u00e0 nous contacter via LinkedIn ou par email \u00e0 : <strong><a>a .soclecommun @gmail .com<\/a><\/strong><\/p>\n\n\n\n<p>#SemaineBleue #SocleCommun #GroupeVYV #Interg\u00e9n\u00e9rationnel #Senior #LienSocial #IntelligenceCollective #Facilitation #OlympiadesBleues #Kilom\u00e8tresSolidaires #BienVieillir #Activit\u00e9Physique<\/p>\n\n\n\n<p><\/p>\n","protected":false},"excerpt":{"rendered":"<p>Le Socle Commun participe \u00e0 la Semaine Bleue aux c\u00f4t\u00e9s du Groupe VYV et de la R\u00e9sidence Les Ch\u00e8nevi\u00e8res Dans le cadre de la Semaine Bleue 2024 , d\u00e9di\u00e9 \u00e0 changer le regard sur nos a\u00een\u00e9s, le Socle Commun a le plaisir de collaborer avec la R\u00e9sidence Les Ch\u00e8nevi\u00e8res et le Groupe VYV pour des&hellip; <a class=\"more-link\" href=\"http:\/\/soclecommun.org\/index.php\/2024\/09\/30\/le-socle-commun-sengage-pour-la-semaine-bleue\/\">Poursuivre la lecture <span class=\"screen-reader-text\">Le Socle Commun s&rsquo;engage pour la Semaine Bleue<\/span><\/a><\/p>\n","protected":false},"author":1,"featured_media":0,"comment_status":"open","ping_status":"open","sticky":false,"template":"","format":"standard","meta":{"_themeisle_gutenberg_block_has_review":false,"_ti_tpc_template_sync":false,"_ti_tpc_template_id":"","footnotes":""},"categories":[3],"tags":[57,61,60,52,56,53,59,55,58,50,54,51],"class_list":["post-1047","post","type-post","status-publish","format-standard","hentry","category-uncategorized","tag-facilitation","tag-activitephysique","tag-bienvieillir","tag-groupevyv","tag-intelligencecollective","tag-intergenerationnel","tag-kilometressolidaires","tag-liensocial","tag-olympiadesbleues","tag-semainebleue","tag-senior","tag-soclecommun","entry"],"yoast_head":"<!-- This site is optimized with the Yoast SEO plugin v22.8 - https:\/\/yoast.com\/wordpress\/plugins\/seo\/ -->\n<title>Le Socle Commun s&#039;engage pour la Semaine Bleue - SOCLE COMMUN<\/title>\n<meta name=\"robots\" content=\"index, follow, max-snippet:-1, max-image-preview:large, max-video-preview:-1\" \/>\n<link rel=\"canonical\" href=\"http:\/\/soclecommun.org\/index.php\/2024\/09\/30\/le-socle-commun-sengage-pour-la-semaine-bleue\/\" \/>\n<meta property=\"og:locale\" content=\"fr_FR\" \/>\n<meta property=\"og:type\" content=\"article\" \/>\n<meta property=\"og:title\" content=\"Le Socle Commun s&#039;engage pour la Semaine Bleue - SOCLE COMMUN\" \/>\n<meta property=\"og:description\" content=\"Le Socle Commun participe \u00e0 la Semaine Bleue aux c\u00f4t\u00e9s du Groupe VYV et de la R\u00e9sidence Les Ch\u00e8nevi\u00e8res Dans le cadre de la Semaine Bleue 2024 , d\u00e9di\u00e9 \u00e0 changer le regard sur nos a\u00een\u00e9s, le Socle Commun a le plaisir de collaborer avec la R\u00e9sidence Les Ch\u00e8nevi\u00e8res et le Groupe VYV pour des&hellip; Poursuivre la lecture Le Socle Commun s&rsquo;engage pour la Semaine Bleue\" \/>\n<meta property=\"og:url\" content=\"http:\/\/soclecommun.org\/index.php\/2024\/09\/30\/le-socle-commun-sengage-pour-la-semaine-bleue\/\" \/>\n<meta property=\"og:site_name\" content=\"SOCLE COMMUN\" \/>\n<meta property=\"article:published_time\" content=\"2024-09-30T09:50:30+00:00\" \/>\n<meta property=\"article:modified_time\" content=\"2024-09-30T10:00:51+00:00\" \/>\n<meta property=\"og:image\" content=\"https:\/\/mlyiwazn1rfo.i.optimole.com\/w:867\/h:1024\/q:mauto\/ig:avif\/https:\/\/soclecommun.org\/wp-content\/uploads\/2024\/09\/P6050129-1.jpg\" \/>\n<meta name=\"author\" content=\"SOCLE COMMUN\" \/>\n<meta name=\"twitter:card\" content=\"summary_large_image\" \/>\n<meta name=\"twitter:label1\" content=\"\u00c9crit par\" \/>\n\t<meta name=\"twitter:data1\" content=\"SOCLE COMMUN\" \/>\n\t<meta name=\"twitter:label2\" content=\"Dur\u00e9e de lecture estim\u00e9e\" \/>\n\t<meta name=\"twitter:data2\" content=\"3 minutes\" \/>\n<script type=\"application\/ld+json\" class=\"yoast-schema-graph\">{\"@context\":\"https:\/\/schema.org\",\"@graph\":[{\"@type\":\"Article\",\"@id\":\"http:\/\/soclecommun.org\/index.php\/2024\/09\/30\/le-socle-commun-sengage-pour-la-semaine-bleue\/#article\",\"isPartOf\":{\"@id\":\"http:\/\/soclecommun.org\/index.php\/2024\/09\/30\/le-socle-commun-sengage-pour-la-semaine-bleue\/\"},\"author\":{\"name\":\"SOCLE COMMUN\",\"@id\":\"http:\/\/soclecommun.org\/#\/schema\/person\/57c87946db1597b7ace45d9b1fa555a4\"},\"headline\":\"Le Socle Commun s&rsquo;engage pour la Semaine Bleue\",\"datePublished\":\"2024-09-30T09:50:30+00:00\",\"dateModified\":\"2024-09-30T10:00:51+00:00\",\"mainEntityOfPage\":{\"@id\":\"http:\/\/soclecommun.org\/index.php\/2024\/09\/30\/le-socle-commun-sengage-pour-la-semaine-bleue\/\"},\"wordCount\":368,\"commentCount\":0,\"publisher\":{\"@id\":\"http:\/\/soclecommun.org\/#organization\"},\"image\":{\"@id\":\"http:\/\/soclecommun.org\/index.php\/2024\/09\/30\/le-socle-commun-sengage-pour-la-semaine-bleue\/#primaryimage\"},\"thumbnailUrl\":\"https:\/\/mlyiwazn1rfo.i.optimole.com\/w:867\/h:1024\/q:mauto\/ig:avif\/https:\/\/soclecommun.org\/wp-content\/uploads\/2024\/09\/P6050129-1.jpg\",\"keywords\":[\"#Facilitation\",\"Activit\u00e9Physique\",\"BienVieillir\",\"GroupeVYV\",\"IntelligenceCollective\",\"Interg\u00e9n\u00e9rationnel\",\"Kilom\u00e8tresSolidaires\",\"LienSocial\",\"OlympiadesBleues\",\"SemaineBleue\",\"Senior\",\"SocleCommun\"],\"articleSection\":[\"Uncategorized\"],\"inLanguage\":\"fr-FR\",\"potentialAction\":[{\"@type\":\"CommentAction\",\"name\":\"Comment\",\"target\":[\"http:\/\/soclecommun.org\/index.php\/2024\/09\/30\/le-socle-commun-sengage-pour-la-semaine-bleue\/#respond\"]}]},{\"@type\":\"WebPage\",\"@id\":\"http:\/\/soclecommun.org\/index.php\/2024\/09\/30\/le-socle-commun-sengage-pour-la-semaine-bleue\/\",\"url\":\"http:\/\/soclecommun.org\/index.php\/2024\/09\/30\/le-socle-commun-sengage-pour-la-semaine-bleue\/\",\"name\":\"Le Socle Commun s'engage pour la Semaine Bleue - SOCLE COMMUN\",\"isPartOf\":{\"@id\":\"http:\/\/soclecommun.org\/#website\"},\"primaryImageOfPage\":{\"@id\":\"http:\/\/soclecommun.org\/index.php\/2024\/09\/30\/le-socle-commun-sengage-pour-la-semaine-bleue\/#primaryimage\"},\"image\":{\"@id\":\"http:\/\/soclecommun.org\/index.php\/2024\/09\/30\/le-socle-commun-sengage-pour-la-semaine-bleue\/#primaryimage\"},\"thumbnailUrl\":\"https:\/\/mlyiwazn1rfo.i.optimole.com\/w:867\/h:1024\/q:mauto\/ig:avif\/https:\/\/soclecommun.org\/wp-content\/uploads\/2024\/09\/P6050129-1.jpg\",\"datePublished\":\"2024-09-30T09:50:30+00:00\",\"dateModified\":\"2024-09-30T10:00:51+00:00\",\"breadcrumb\":{\"@id\":\"http:\/\/soclecommun.org\/index.php\/2024\/09\/30\/le-socle-commun-sengage-pour-la-semaine-bleue\/#breadcrumb\"},\"inLanguage\":\"fr-FR\",\"potentialAction\":[{\"@type\":\"ReadAction\",\"target\":[\"http:\/\/soclecommun.org\/index.php\/2024\/09\/30\/le-socle-commun-sengage-pour-la-semaine-bleue\/\"]}]},{\"@type\":\"ImageObject\",\"inLanguage\":\"fr-FR\",\"@id\":\"http:\/\/soclecommun.org\/index.php\/2024\/09\/30\/le-socle-commun-sengage-pour-la-semaine-bleue\/#primaryimage\",\"url\":\"https:\/\/mlyiwazn1rfo.i.optimole.com\/w:auto\/h:auto\/q:mauto\/ig:avif\/http:\/\/soclecommun.org\/wp-content\/uploads\/2024\/09\/P6050129-1-scaled.jpg\",\"contentUrl\":\"https:\/\/mlyiwazn1rfo.i.optimole.com\/w:auto\/h:auto\/q:mauto\/ig:avif\/http:\/\/soclecommun.org\/wp-content\/uploads\/2024\/09\/P6050129-1-scaled.jpg\",\"width\":2168,\"height\":2560},{\"@type\":\"BreadcrumbList\",\"@id\":\"http:\/\/soclecommun.org\/index.php\/2024\/09\/30\/le-socle-commun-sengage-pour-la-semaine-bleue\/#breadcrumb\",\"itemListElement\":[{\"@type\":\"ListItem\",\"position\":1,\"name\":\"Accueil\",\"item\":\"http:\/\/soclecommun.org\/\"},{\"@type\":\"ListItem\",\"position\":2,\"name\":\"Le Socle Commun s&rsquo;engage pour la Semaine Bleue\"}]},{\"@type\":\"WebSite\",\"@id\":\"http:\/\/soclecommun.org\/#website\",\"url\":\"http:\/\/soclecommun.org\/\",\"name\":\"SOCLE COMMUN\",\"description\":\"Association d\u2019accompagnement au changement, cr\u00e9ativit\u00e9 et lutte contre l\u2019isolement\",\"publisher\":{\"@id\":\"http:\/\/soclecommun.org\/#organization\"},\"alternateName\":\"SOCLE COMMUN INTELLIGENCE COLLECTIVE & CREATIVE\",\"potentialAction\":[{\"@type\":\"SearchAction\",\"target\":{\"@type\":\"EntryPoint\",\"urlTemplate\":\"http:\/\/soclecommun.org\/?s={search_term_string}\"},\"query-input\":\"required name=search_term_string\"}],\"inLanguage\":\"fr-FR\"},{\"@type\":\"Organization\",\"@id\":\"http:\/\/soclecommun.org\/#organization\",\"name\":\"SOCLE COMMUN\",\"url\":\"http:\/\/soclecommun.org\/\",\"logo\":{\"@type\":\"ImageObject\",\"inLanguage\":\"fr-FR\",\"@id\":\"http:\/\/soclecommun.org\/#\/schema\/logo\/image\/\",\"url\":\"https:\/\/mlyiwazn1rfo.i.optimole.com\/w:auto\/h:auto\/q:mauto\/ig:avif\/http:\/\/soclecommun.org\/wp-content\/uploads\/2026\/02\/cropped-Logo-SOCLE-COMMUN.png\",\"contentUrl\":\"https:\/\/mlyiwazn1rfo.i.optimole.com\/w:auto\/h:auto\/q:mauto\/ig:avif\/http:\/\/soclecommun.org\/wp-content\/uploads\/2026\/02\/cropped-Logo-SOCLE-COMMUN.png\",\"width\":449,\"height\":413,\"caption\":\"SOCLE COMMUN\"},\"image\":{\"@id\":\"http:\/\/soclecommun.org\/#\/schema\/logo\/image\/\"}},{\"@type\":\"Person\",\"@id\":\"http:\/\/soclecommun.org\/#\/schema\/person\/57c87946db1597b7ace45d9b1fa555a4\",\"name\":\"SOCLE COMMUN\",\"image\":{\"@type\":\"ImageObject\",\"inLanguage\":\"fr-FR\",\"@id\":\"http:\/\/soclecommun.org\/#\/schema\/person\/image\/\",\"url\":\"https:\/\/secure.gravatar.com\/avatar\/337bddc75b54c776607981cc20d15dc751b1600b949a42d6ab4baae445f16375?s=96&d=mm&r=g\",\"contentUrl\":\"https:\/\/secure.gravatar.com\/avatar\/337bddc75b54c776607981cc20d15dc751b1600b949a42d6ab4baae445f16375?s=96&d=mm&r=g\",\"caption\":\"SOCLE COMMUN\"},\"sameAs\":[\"http:\/\/soclecommun.org\"],\"url\":\"http:\/\/soclecommun.org\/index.php\/author\/admin1806\/\"}]}<\/script>\n<!-- \/ Yoast SEO plugin. -->","yoast_head_json":{"title":"Le Socle Commun s'engage pour la Semaine Bleue - SOCLE COMMUN","robots":{"index":"index","follow":"follow","max-snippet":"max-snippet:-1","max-image-preview":"max-image-preview:large","max-video-preview":"max-video-preview:-1"},"canonical":"http:\/\/soclecommun.org\/index.php\/2024\/09\/30\/le-socle-commun-sengage-pour-la-semaine-bleue\/","og_locale":"fr_FR","og_type":"article","og_title":"Le Socle Commun s'engage pour la Semaine Bleue - SOCLE COMMUN","og_description":"Le Socle Commun participe \u00e0 la Semaine Bleue aux c\u00f4t\u00e9s du Groupe VYV et de la R\u00e9sidence Les Ch\u00e8nevi\u00e8res Dans le cadre de la Semaine Bleue 2024 , d\u00e9di\u00e9 \u00e0 changer le regard sur nos a\u00een\u00e9s, le Socle Commun a le plaisir de collaborer avec la R\u00e9sidence Les Ch\u00e8nevi\u00e8res et le Groupe VYV pour des&hellip; Poursuivre la lecture Le Socle Commun s&rsquo;engage pour la Semaine Bleue","og_url":"http:\/\/soclecommun.org\/index.php\/2024\/09\/30\/le-socle-commun-sengage-pour-la-semaine-bleue\/","og_site_name":"SOCLE COMMUN","article_published_time":"2024-09-30T09:50:30+00:00","article_modified_time":"2024-09-30T10:00:51+00:00","og_image":[{"url":"https:\/\/mlyiwazn1rfo.i.optimole.com\/w:867\/h:1024\/q:mauto\/ig:avif\/https:\/\/soclecommun.org\/wp-content\/uploads\/2024\/09\/P6050129-1.jpg"}],"author":"SOCLE COMMUN","twitter_card":"summary_large_image","twitter_misc":{"\u00c9crit par":"SOCLE COMMUN","Dur\u00e9e de lecture estim\u00e9e":"3 minutes"},"schema":{"@context":"https:\/\/schema.org","@graph":[{"@type":"Article","@id":"http:\/\/soclecommun.org\/index.php\/2024\/09\/30\/le-socle-commun-sengage-pour-la-semaine-bleue\/#article","isPartOf":{"@id":"http:\/\/soclecommun.org\/index.php\/2024\/09\/30\/le-socle-commun-sengage-pour-la-semaine-bleue\/"},"author":{"name":"SOCLE COMMUN","@id":"http:\/\/soclecommun.org\/#\/schema\/person\/57c87946db1597b7ace45d9b1fa555a4"},"headline":"Le Socle Commun s&rsquo;engage pour la Semaine Bleue","datePublished":"2024-09-30T09:50:30+00:00","dateModified":"2024-09-30T10:00:51+00:00","mainEntityOfPage":{"@id":"http:\/\/soclecommun.org\/index.php\/2024\/09\/30\/le-socle-commun-sengage-pour-la-semaine-bleue\/"},"wordCount":368,"commentCount":0,"publisher":{"@id":"http:\/\/soclecommun.org\/#organization"},"image":{"@id":"http:\/\/soclecommun.org\/index.php\/2024\/09\/30\/le-socle-commun-sengage-pour-la-semaine-bleue\/#primaryimage"},"thumbnailUrl":"https:\/\/mlyiwazn1rfo.i.optimole.com\/w:867\/h:1024\/q:mauto\/ig:avif\/https:\/\/soclecommun.org\/wp-content\/uploads\/2024\/09\/P6050129-1.jpg","keywords":["#Facilitation","Activit\u00e9Physique","BienVieillir","GroupeVYV","IntelligenceCollective","Interg\u00e9n\u00e9rationnel","Kilom\u00e8tresSolidaires","LienSocial","OlympiadesBleues","SemaineBleue","Senior","SocleCommun"],"articleSection":["Uncategorized"],"inLanguage":"fr-FR","potentialAction":[{"@type":"CommentAction","name":"Comment","target":["http:\/\/soclecommun.org\/index.php\/2024\/09\/30\/le-socle-commun-sengage-pour-la-semaine-bleue\/#respond"]}]},{"@type":"WebPage","@id":"http:\/\/soclecommun.org\/index.php\/2024\/09\/30\/le-socle-commun-sengage-pour-la-semaine-bleue\/","url":"http:\/\/soclecommun.org\/index.php\/2024\/09\/30\/le-socle-commun-sengage-pour-la-semaine-bleue\/","name":"Le Socle Commun s'engage pour la Semaine Bleue - SOCLE COMMUN","isPartOf":{"@id":"http:\/\/soclecommun.org\/#website"},"primaryImageOfPage":{"@id":"http:\/\/soclecommun.org\/index.php\/2024\/09\/30\/le-socle-commun-sengage-pour-la-semaine-bleue\/#primaryimage"},"image":{"@id":"http:\/\/soclecommun.org\/index.php\/2024\/09\/30\/le-socle-commun-sengage-pour-la-semaine-bleue\/#primaryimage"},"thumbnailUrl":"https:\/\/mlyiwazn1rfo.i.optimole.com\/w:867\/h:1024\/q:mauto\/ig:avif\/https:\/\/soclecommun.org\/wp-content\/uploads\/2024\/09\/P6050129-1.jpg","datePublished":"2024-09-30T09:50:30+00:00","dateModified":"2024-09-30T10:00:51+00:00","breadcrumb":{"@id":"http:\/\/soclecommun.org\/index.php\/2024\/09\/30\/le-socle-commun-sengage-pour-la-semaine-bleue\/#breadcrumb"},"inLanguage":"fr-FR","potentialAction":[{"@type":"ReadAction","target":["http:\/\/soclecommun.org\/index.php\/2024\/09\/30\/le-socle-commun-sengage-pour-la-semaine-bleue\/"]}]},{"@type":"ImageObject","inLanguage":"fr-FR","@id":"http:\/\/soclecommun.org\/index.php\/2024\/09\/30\/le-socle-commun-sengage-pour-la-semaine-bleue\/#primaryimage","url":"https:\/\/mlyiwazn1rfo.i.optimole.com\/w:auto\/h:auto\/q:mauto\/ig:avif\/http:\/\/soclecommun.org\/wp-content\/uploads\/2024\/09\/P6050129-1-scaled.jpg","contentUrl":"https:\/\/mlyiwazn1rfo.i.optimole.com\/w:auto\/h:auto\/q:mauto\/ig:avif\/http:\/\/soclecommun.org\/wp-content\/uploads\/2024\/09\/P6050129-1-scaled.jpg","width":2168,"height":2560},{"@type":"BreadcrumbList","@id":"http:\/\/soclecommun.org\/index.php\/2024\/09\/30\/le-socle-commun-sengage-pour-la-semaine-bleue\/#breadcrumb","itemListElement":[{"@type":"ListItem","position":1,"name":"Accueil","item":"http:\/\/soclecommun.org\/"},{"@type":"ListItem","position":2,"name":"Le Socle Commun s&rsquo;engage pour la Semaine Bleue"}]},{"@type":"WebSite","@id":"http:\/\/soclecommun.org\/#website","url":"http:\/\/soclecommun.org\/","name":"SOCLE COMMUN","description":"Association d\u2019accompagnement au changement, cr\u00e9ativit\u00e9 et lutte contre l\u2019isolement","publisher":{"@id":"http:\/\/soclecommun.org\/#organization"},"alternateName":"SOCLE COMMUN INTELLIGENCE COLLECTIVE & CREATIVE","potentialAction":[{"@type":"SearchAction","target":{"@type":"EntryPoint","urlTemplate":"http:\/\/soclecommun.org\/?s={search_term_string}"},"query-input":"required name=search_term_string"}],"inLanguage":"fr-FR"},{"@type":"Organization","@id":"http:\/\/soclecommun.org\/#organization","name":"SOCLE COMMUN","url":"http:\/\/soclecommun.org\/","logo":{"@type":"ImageObject","inLanguage":"fr-FR","@id":"http:\/\/soclecommun.org\/#\/schema\/logo\/image\/","url":"https:\/\/mlyiwazn1rfo.i.optimole.com\/w:auto\/h:auto\/q:mauto\/ig:avif\/http:\/\/soclecommun.org\/wp-content\/uploads\/2026\/02\/cropped-Logo-SOCLE-COMMUN.png","contentUrl":"https:\/\/mlyiwazn1rfo.i.optimole.com\/w:auto\/h:auto\/q:mauto\/ig:avif\/http:\/\/soclecommun.org\/wp-content\/uploads\/2026\/02\/cropped-Logo-SOCLE-COMMUN.png","width":449,"height":413,"caption":"SOCLE COMMUN"},"image":{"@id":"http:\/\/soclecommun.org\/#\/schema\/logo\/image\/"}},{"@type":"Person","@id":"http:\/\/soclecommun.org\/#\/schema\/person\/57c87946db1597b7ace45d9b1fa555a4","name":"SOCLE COMMUN","image":{"@type":"ImageObject","inLanguage":"fr-FR","@id":"http:\/\/soclecommun.org\/#\/schema\/person\/image\/","url":"https:\/\/secure.gravatar.com\/avatar\/337bddc75b54c776607981cc20d15dc751b1600b949a42d6ab4baae445f16375?s=96&d=mm&r=g","contentUrl":"https:\/\/secure.gravatar.com\/avatar\/337bddc75b54c776607981cc20d15dc751b1600b949a42d6ab4baae445f16375?s=96&d=mm&r=g","caption":"SOCLE COMMUN"},"sameAs":["http:\/\/soclecommun.org"],"url":"http:\/\/soclecommun.org\/index.php\/author\/admin1806\/"}]}},"_links":{"self":[{"href":"http:\/\/soclecommun.org\/index.php\/wp-json\/wp\/v2\/posts\/1047","targetHints":{"allow":["GET"]}}],"collection":[{"href":"http:\/\/soclecommun.org\/index.php\/wp-json\/wp\/v2\/posts"}],"about":[{"href":"http:\/\/soclecommun.org\/index.php\/wp-json\/wp\/v2\/types\/post"}],"author":[{"embeddable":true,"href":"http:\/\/soclecommun.org\/index.php\/wp-json\/wp\/v2\/users\/1"}],"replies":[{"embeddable":true,"href":"http:\/\/soclecommun.org\/index.php\/wp-json\/wp\/v2\/comments?post=1047"}],"version-history":[{"count":3,"href":"http:\/\/soclecommun.org\/index.php\/wp-json\/wp\/v2\/posts\/1047\/revisions"}],"predecessor-version":[{"id":1063,"href":"http:\/\/soclecommun.org\/index.php\/wp-json\/wp\/v2\/posts\/1047\/revisions\/1063"}],"wp:attachment":[{"href":"http:\/\/soclecommun.org\/index.php\/wp-json\/wp\/v2\/media?parent=1047"}],"wp:term":[{"taxonomy":"category","embeddable":true,"href":"http:\/\/soclecommun.org\/index.php\/wp-json\/wp\/v2\/categories?post=1047"},{"taxonomy":"post_tag","embeddable":true,"href":"http:\/\/soclecommun.org\/index.php\/wp-json\/wp\/v2\/tags?post=1047"}],"curies":[{"name":"wp","href":"https:\/\/api.w.org\/{rel}","templated":true}]}}