{"id":1,"date":"2024-02-25T14:51:21","date_gmt":"2024-02-25T13:51:21","guid":{"rendered":"http:\/\/soclecommun.org\/?p=1"},"modified":"2024-02-25T20:36:58","modified_gmt":"2024-02-25T19:36:58","slug":"bonjour-tout-le-monde","status":"publish","type":"post","link":"http:\/\/soclecommun.org\/index.php\/2024\/02\/25\/bonjour-tout-le-monde\/","title":{"rendered":"La Clarification des Besoins, un Fondement Solide \u00a0!"},"content":{"rendered":"\n<p class=\"has-text-align-left\">Dans le monde complexe d&rsquo;aujourd&rsquo;hui, la clart\u00e9 est la cl\u00e9 du succ\u00e8s. Que vous dirigiez un projet d&rsquo;entreprise, travailliez sur un d\u00e9fi personnel, ou cherchiez \u00e0 accompagner ceux qui en ont besoin, la premi\u00e8re \u00e9tape cruciale est la clarification. Dans cet article, explorons ensemble comment cette pratique peut transformer la mani\u00e8re dont nous abordons nos projets, nos d\u00e9fis et nos objectifs.<\/p>\n\n\n\n<p class=\"has-text-align-left\">Clarifier ses besoins est bien plus qu&rsquo;une simple liste de souhaits. C&rsquo;est un processus profond qui implique une r\u00e9flexion minutieuse sur ce qui est r\u00e9ellement essentiel pour atteindre vos objectifs. En d\u00e9finissant clairement ce dont vous avez besoin, vous posez les bases d&rsquo;un plan d&rsquo;action solide.<\/p>\n\n\n\n<p class=\"has-text-align-left\">De l&rsquo;Art de D\u00e9finir ses D\u00e9fis :Souvent, les d\u00e9fis semblent insurmontables simplement parce qu&rsquo;ils n&rsquo;ont pas \u00e9t\u00e9 correctement d\u00e9finis. D\u00e9cortiquer un d\u00e9fi en parties plus petites et plus g\u00e9rables facilite non seulement la r\u00e9solution, mais permet \u00e9galement de mobiliser les ressources n\u00e9cessaires de mani\u00e8re plus cibl\u00e9e.<\/p>\n\n\n\n<p class=\"has-text-align-left\">Objectifs Clair, Chemin \u00c9vident : Des objectifs flous conduisent \u00e0 des r\u00e9sultats flous. Lorsque vos objectifs sont d\u00e9finis avec pr\u00e9cision, chaque action que vous entreprenez devient un pas d\u00e9lib\u00e9r\u00e9 vers leur r\u00e9alisation. La clarification des objectifs cr\u00e9e un chemin clair \u00e0 suivre.<\/p>\n\n\n\n<p class=\"has-text-align-left\">L&rsquo;Intelligence Collective au Service de la Clarification : Comment identifier les besoins des autres, surtout lorsqu&rsquo;ils se trouvent en situation de difficult\u00e9 ? C&rsquo;est l\u00e0 que l&rsquo;intelligence collective entre en jeu. Partager des exp\u00e9riences, des comp\u00e9tences et des id\u00e9es avec les autres peut \u00e9clairer des aspects auxquels vous n&rsquo;auriez peut-\u00eatre pas pens\u00e9 seul. Ensemble, nous sommes plus forts.<\/p>\n\n\n\n<p class=\"has-text-align-left\">Des Outils pour la Clarification : D\u00e9couvrez comment des outils tels que les<a href=\"https:\/\/www.atlassian.com\/fr\/agile\/kanban\/boards#:~:text=Un%20tableau%20Kanban%20est%20un,ordre%20dans%20leur%20travail%20quotidien.\"> tableaux Kanban <\/a>peuvent vous aider \u00e0 visualiser vos projets, \u00e0 identifier les \u00e9tapes critiques, et \u00e0 maintenir un flux de travail efficace. La clarification devient tangible et accessible.<\/p>\n\n\n\n<p class=\"has-text-align-left\">En conclusion : La clarification n&rsquo;est pas seulement une \u00e9tape dans un processus, c&rsquo;est la fondation m\u00eame du succ\u00e8s. Que vous soyez en qu\u00eate de clart\u00e9 personnelle ou que vous souhaitiez accompagner d&rsquo;autres dans leurs d\u00e9fis, comprendre comment clarifier les besoins est une comp\u00e9tence inestimable. Rejoignez-nous dans cette exploration de la puissance de la clarification, car ensemble, nous pouvons cr\u00e9er un monde o\u00f9 chaque voix compte.<\/p>\n","protected":false},"excerpt":{"rendered":"<p>Dans le monde complexe d&rsquo;aujourd&rsquo;hui, la clart\u00e9 est la cl\u00e9 du succ\u00e8s. Que vous dirigiez un projet d&rsquo;entreprise, travailliez sur un d\u00e9fi personnel, ou cherchiez \u00e0 accompagner ceux qui en ont besoin, la premi\u00e8re \u00e9tape cruciale est la clarification. Dans cet article, explorons ensemble comment cette pratique peut transformer la mani\u00e8re dont nous abordons nos&hellip; <a class=\"more-link\" href=\"http:\/\/soclecommun.org\/index.php\/2024\/02\/25\/bonjour-tout-le-monde\/\">Poursuivre la lecture <span class=\"screen-reader-text\">La Clarification des Besoins, un Fondement Solide \u00a0!<\/span><\/a><\/p>\n","protected":false},"author":1,"featured_media":0,"comment_status":"closed","ping_status":"closed","sticky":false,"template":"","format":"standard","meta":{"_themeisle_gutenberg_block_has_review":false,"_ti_tpc_template_sync":false,"_ti_tpc_template_id":"","footnotes":""},"categories":[1],"tags":[9,16,10,18,11,12,14,17,15,13],"class_list":["post-1","post","type-post","status-publish","format-standard","hentry","category-non-classe","tag-clarification-des-objectifs","tag-clarte-personnelle","tag-definition-des-besoins","tag-developpement-personnel","tag-intelligence-collective","tag-outils-de-gestion-de-projet","tag-planification-strategique","tag-processus-de-clarification","tag-resolution-de-defis","tag-visualisation-des-projets","entry"],"yoast_head":"<!-- This site is optimized with the Yoast SEO plugin v22.8 - https:\/\/yoast.com\/wordpress\/plugins\/seo\/ -->\n<title>La Clarification des Besoins, un Fondement Solide \u00a0! - SOCLE COMMUN<\/title>\n<meta name=\"robots\" content=\"index, follow, max-snippet:-1, max-image-preview:large, max-video-preview:-1\" \/>\n<link rel=\"canonical\" href=\"http:\/\/soclecommun.org\/index.php\/2024\/02\/25\/bonjour-tout-le-monde\/\" \/>\n<meta property=\"og:locale\" content=\"fr_FR\" \/>\n<meta property=\"og:type\" content=\"article\" \/>\n<meta property=\"og:title\" content=\"La Clarification des Besoins, un Fondement Solide \u00a0! - SOCLE COMMUN\" \/>\n<meta property=\"og:description\" content=\"Dans le monde complexe d&rsquo;aujourd&rsquo;hui, la clart\u00e9 est la cl\u00e9 du succ\u00e8s. Que vous dirigiez un projet d&rsquo;entreprise, travailliez sur un d\u00e9fi personnel, ou cherchiez \u00e0 accompagner ceux qui en ont besoin, la premi\u00e8re \u00e9tape cruciale est la clarification. Dans cet article, explorons ensemble comment cette pratique peut transformer la mani\u00e8re dont nous abordons nos&hellip; Poursuivre la lecture La Clarification des Besoins, un Fondement Solide \u00a0!\" \/>\n<meta property=\"og:url\" content=\"http:\/\/soclecommun.org\/index.php\/2024\/02\/25\/bonjour-tout-le-monde\/\" \/>\n<meta property=\"og:site_name\" content=\"SOCLE COMMUN\" \/>\n<meta property=\"article:published_time\" content=\"2024-02-25T13:51:21+00:00\" \/>\n<meta property=\"article:modified_time\" content=\"2024-02-25T19:36:58+00:00\" \/>\n<meta name=\"author\" content=\"SOCLE COMMUN\" \/>\n<meta name=\"twitter:card\" content=\"summary_large_image\" \/>\n<meta name=\"twitter:label1\" content=\"\u00c9crit par\" \/>\n\t<meta name=\"twitter:data1\" content=\"SOCLE COMMUN\" \/>\n\t<meta name=\"twitter:label2\" content=\"Dur\u00e9e de lecture estim\u00e9e\" \/>\n\t<meta name=\"twitter:data2\" content=\"2 minutes\" \/>\n<script type=\"application\/ld+json\" class=\"yoast-schema-graph\">{\"@context\":\"https:\/\/schema.org\",\"@graph\":[{\"@type\":\"Article\",\"@id\":\"http:\/\/soclecommun.org\/index.php\/2024\/02\/25\/bonjour-tout-le-monde\/#article\",\"isPartOf\":{\"@id\":\"http:\/\/soclecommun.org\/index.php\/2024\/02\/25\/bonjour-tout-le-monde\/\"},\"author\":{\"name\":\"SOCLE COMMUN\",\"@id\":\"http:\/\/soclecommun.org\/#\/schema\/person\/57c87946db1597b7ace45d9b1fa555a4\"},\"headline\":\"La Clarification des Besoins, un Fondement Solide \u00a0!\",\"datePublished\":\"2024-02-25T13:51:21+00:00\",\"dateModified\":\"2024-02-25T19:36:58+00:00\",\"mainEntityOfPage\":{\"@id\":\"http:\/\/soclecommun.org\/index.php\/2024\/02\/25\/bonjour-tout-le-monde\/\"},\"wordCount\":393,\"publisher\":{\"@id\":\"http:\/\/soclecommun.org\/#organization\"},\"keywords\":[\"Clarification des objectifs\",\"Clart\u00e9 personnelle\",\"D\u00e9finition des besoins\",\"D\u00e9veloppement personnel\",\"Intelligence collective\",\"Outils de gestion de projet\",\"Planification strat\u00e9gique\",\"Processus de clarification\",\"R\u00e9solution de d\u00e9fis\",\"Visualisation des projets\"],\"inLanguage\":\"fr-FR\"},{\"@type\":\"WebPage\",\"@id\":\"http:\/\/soclecommun.org\/index.php\/2024\/02\/25\/bonjour-tout-le-monde\/\",\"url\":\"http:\/\/soclecommun.org\/index.php\/2024\/02\/25\/bonjour-tout-le-monde\/\",\"name\":\"La Clarification des Besoins, un Fondement Solide \u00a0! - SOCLE COMMUN\",\"isPartOf\":{\"@id\":\"http:\/\/soclecommun.org\/#website\"},\"datePublished\":\"2024-02-25T13:51:21+00:00\",\"dateModified\":\"2024-02-25T19:36:58+00:00\",\"breadcrumb\":{\"@id\":\"http:\/\/soclecommun.org\/index.php\/2024\/02\/25\/bonjour-tout-le-monde\/#breadcrumb\"},\"inLanguage\":\"fr-FR\",\"potentialAction\":[{\"@type\":\"ReadAction\",\"target\":[\"http:\/\/soclecommun.org\/index.php\/2024\/02\/25\/bonjour-tout-le-monde\/\"]}]},{\"@type\":\"BreadcrumbList\",\"@id\":\"http:\/\/soclecommun.org\/index.php\/2024\/02\/25\/bonjour-tout-le-monde\/#breadcrumb\",\"itemListElement\":[{\"@type\":\"ListItem\",\"position\":1,\"name\":\"Accueil\",\"item\":\"http:\/\/soclecommun.org\/\"},{\"@type\":\"ListItem\",\"position\":2,\"name\":\"La Clarification des Besoins, un Fondement Solide \u00a0!\"}]},{\"@type\":\"WebSite\",\"@id\":\"http:\/\/soclecommun.org\/#website\",\"url\":\"http:\/\/soclecommun.org\/\",\"name\":\"SOCLE COMMUN\",\"description\":\"Association d\u2019accompagnement au changement, cr\u00e9ativit\u00e9 et lutte contre l\u2019isolement\",\"publisher\":{\"@id\":\"http:\/\/soclecommun.org\/#organization\"},\"alternateName\":\"SOCLE COMMUN INTELLIGENCE COLLECTIVE & CREATIVE\",\"potentialAction\":[{\"@type\":\"SearchAction\",\"target\":{\"@type\":\"EntryPoint\",\"urlTemplate\":\"http:\/\/soclecommun.org\/?s={search_term_string}\"},\"query-input\":\"required name=search_term_string\"}],\"inLanguage\":\"fr-FR\"},{\"@type\":\"Organization\",\"@id\":\"http:\/\/soclecommun.org\/#organization\",\"name\":\"SOCLE COMMUN\",\"url\":\"http:\/\/soclecommun.org\/\",\"logo\":{\"@type\":\"ImageObject\",\"inLanguage\":\"fr-FR\",\"@id\":\"http:\/\/soclecommun.org\/#\/schema\/logo\/image\/\",\"url\":\"https:\/\/mlyiwazn1rfo.i.optimole.com\/w:auto\/h:auto\/q:mauto\/ig:avif\/http:\/\/soclecommun.org\/wp-content\/uploads\/2026\/02\/cropped-Logo-SOCLE-COMMUN.png\",\"contentUrl\":\"https:\/\/mlyiwazn1rfo.i.optimole.com\/w:auto\/h:auto\/q:mauto\/ig:avif\/http:\/\/soclecommun.org\/wp-content\/uploads\/2026\/02\/cropped-Logo-SOCLE-COMMUN.png\",\"width\":449,\"height\":413,\"caption\":\"SOCLE COMMUN\"},\"image\":{\"@id\":\"http:\/\/soclecommun.org\/#\/schema\/logo\/image\/\"}},{\"@type\":\"Person\",\"@id\":\"http:\/\/soclecommun.org\/#\/schema\/person\/57c87946db1597b7ace45d9b1fa555a4\",\"name\":\"SOCLE COMMUN\",\"image\":{\"@type\":\"ImageObject\",\"inLanguage\":\"fr-FR\",\"@id\":\"http:\/\/soclecommun.org\/#\/schema\/person\/image\/\",\"url\":\"https:\/\/secure.gravatar.com\/avatar\/337bddc75b54c776607981cc20d15dc751b1600b949a42d6ab4baae445f16375?s=96&d=mm&r=g\",\"contentUrl\":\"https:\/\/secure.gravatar.com\/avatar\/337bddc75b54c776607981cc20d15dc751b1600b949a42d6ab4baae445f16375?s=96&d=mm&r=g\",\"caption\":\"SOCLE COMMUN\"},\"sameAs\":[\"http:\/\/soclecommun.org\"],\"url\":\"http:\/\/soclecommun.org\/index.php\/author\/admin1806\/\"}]}<\/script>\n<!-- \/ Yoast SEO plugin. -->","yoast_head_json":{"title":"La Clarification des Besoins, un Fondement Solide \u00a0! - SOCLE COMMUN","robots":{"index":"index","follow":"follow","max-snippet":"max-snippet:-1","max-image-preview":"max-image-preview:large","max-video-preview":"max-video-preview:-1"},"canonical":"http:\/\/soclecommun.org\/index.php\/2024\/02\/25\/bonjour-tout-le-monde\/","og_locale":"fr_FR","og_type":"article","og_title":"La Clarification des Besoins, un Fondement Solide \u00a0! - SOCLE COMMUN","og_description":"Dans le monde complexe d&rsquo;aujourd&rsquo;hui, la clart\u00e9 est la cl\u00e9 du succ\u00e8s. Que vous dirigiez un projet d&rsquo;entreprise, travailliez sur un d\u00e9fi personnel, ou cherchiez \u00e0 accompagner ceux qui en ont besoin, la premi\u00e8re \u00e9tape cruciale est la clarification. Dans cet article, explorons ensemble comment cette pratique peut transformer la mani\u00e8re dont nous abordons nos&hellip; Poursuivre la lecture La Clarification des Besoins, un Fondement Solide \u00a0!","og_url":"http:\/\/soclecommun.org\/index.php\/2024\/02\/25\/bonjour-tout-le-monde\/","og_site_name":"SOCLE COMMUN","article_published_time":"2024-02-25T13:51:21+00:00","article_modified_time":"2024-02-25T19:36:58+00:00","author":"SOCLE COMMUN","twitter_card":"summary_large_image","twitter_misc":{"\u00c9crit par":"SOCLE COMMUN","Dur\u00e9e de lecture estim\u00e9e":"2 minutes"},"schema":{"@context":"https:\/\/schema.org","@graph":[{"@type":"Article","@id":"http:\/\/soclecommun.org\/index.php\/2024\/02\/25\/bonjour-tout-le-monde\/#article","isPartOf":{"@id":"http:\/\/soclecommun.org\/index.php\/2024\/02\/25\/bonjour-tout-le-monde\/"},"author":{"name":"SOCLE COMMUN","@id":"http:\/\/soclecommun.org\/#\/schema\/person\/57c87946db1597b7ace45d9b1fa555a4"},"headline":"La Clarification des Besoins, un Fondement Solide \u00a0!","datePublished":"2024-02-25T13:51:21+00:00","dateModified":"2024-02-25T19:36:58+00:00","mainEntityOfPage":{"@id":"http:\/\/soclecommun.org\/index.php\/2024\/02\/25\/bonjour-tout-le-monde\/"},"wordCount":393,"publisher":{"@id":"http:\/\/soclecommun.org\/#organization"},"keywords":["Clarification des objectifs","Clart\u00e9 personnelle","D\u00e9finition des besoins","D\u00e9veloppement personnel","Intelligence collective","Outils de gestion de projet","Planification strat\u00e9gique","Processus de clarification","R\u00e9solution de d\u00e9fis","Visualisation des projets"],"inLanguage":"fr-FR"},{"@type":"WebPage","@id":"http:\/\/soclecommun.org\/index.php\/2024\/02\/25\/bonjour-tout-le-monde\/","url":"http:\/\/soclecommun.org\/index.php\/2024\/02\/25\/bonjour-tout-le-monde\/","name":"La Clarification des Besoins, un Fondement Solide \u00a0! - SOCLE COMMUN","isPartOf":{"@id":"http:\/\/soclecommun.org\/#website"},"datePublished":"2024-02-25T13:51:21+00:00","dateModified":"2024-02-25T19:36:58+00:00","breadcrumb":{"@id":"http:\/\/soclecommun.org\/index.php\/2024\/02\/25\/bonjour-tout-le-monde\/#breadcrumb"},"inLanguage":"fr-FR","potentialAction":[{"@type":"ReadAction","target":["http:\/\/soclecommun.org\/index.php\/2024\/02\/25\/bonjour-tout-le-monde\/"]}]},{"@type":"BreadcrumbList","@id":"http:\/\/soclecommun.org\/index.php\/2024\/02\/25\/bonjour-tout-le-monde\/#breadcrumb","itemListElement":[{"@type":"ListItem","position":1,"name":"Accueil","item":"http:\/\/soclecommun.org\/"},{"@type":"ListItem","position":2,"name":"La Clarification des Besoins, un Fondement Solide \u00a0!"}]},{"@type":"WebSite","@id":"http:\/\/soclecommun.org\/#website","url":"http:\/\/soclecommun.org\/","name":"SOCLE COMMUN","description":"Association d\u2019accompagnement au changement, cr\u00e9ativit\u00e9 et lutte contre l\u2019isolement","publisher":{"@id":"http:\/\/soclecommun.org\/#organization"},"alternateName":"SOCLE COMMUN INTELLIGENCE COLLECTIVE & CREATIVE","potentialAction":[{"@type":"SearchAction","target":{"@type":"EntryPoint","urlTemplate":"http:\/\/soclecommun.org\/?s={search_term_string}"},"query-input":"required name=search_term_string"}],"inLanguage":"fr-FR"},{"@type":"Organization","@id":"http:\/\/soclecommun.org\/#organization","name":"SOCLE COMMUN","url":"http:\/\/soclecommun.org\/","logo":{"@type":"ImageObject","inLanguage":"fr-FR","@id":"http:\/\/soclecommun.org\/#\/schema\/logo\/image\/","url":"https:\/\/mlyiwazn1rfo.i.optimole.com\/w:auto\/h:auto\/q:mauto\/ig:avif\/http:\/\/soclecommun.org\/wp-content\/uploads\/2026\/02\/cropped-Logo-SOCLE-COMMUN.png","contentUrl":"https:\/\/mlyiwazn1rfo.i.optimole.com\/w:auto\/h:auto\/q:mauto\/ig:avif\/http:\/\/soclecommun.org\/wp-content\/uploads\/2026\/02\/cropped-Logo-SOCLE-COMMUN.png","width":449,"height":413,"caption":"SOCLE COMMUN"},"image":{"@id":"http:\/\/soclecommun.org\/#\/schema\/logo\/image\/"}},{"@type":"Person","@id":"http:\/\/soclecommun.org\/#\/schema\/person\/57c87946db1597b7ace45d9b1fa555a4","name":"SOCLE COMMUN","image":{"@type":"ImageObject","inLanguage":"fr-FR","@id":"http:\/\/soclecommun.org\/#\/schema\/person\/image\/","url":"https:\/\/secure.gravatar.com\/avatar\/337bddc75b54c776607981cc20d15dc751b1600b949a42d6ab4baae445f16375?s=96&d=mm&r=g","contentUrl":"https:\/\/secure.gravatar.com\/avatar\/337bddc75b54c776607981cc20d15dc751b1600b949a42d6ab4baae445f16375?s=96&d=mm&r=g","caption":"SOCLE COMMUN"},"sameAs":["http:\/\/soclecommun.org"],"url":"http:\/\/soclecommun.org\/index.php\/author\/admin1806\/"}]}},"_links":{"self":[{"href":"http:\/\/soclecommun.org\/index.php\/wp-json\/wp\/v2\/posts\/1","targetHints":{"allow":["GET"]}}],"collection":[{"href":"http:\/\/soclecommun.org\/index.php\/wp-json\/wp\/v2\/posts"}],"about":[{"href":"http:\/\/soclecommun.org\/index.php\/wp-json\/wp\/v2\/types\/post"}],"author":[{"embeddable":true,"href":"http:\/\/soclecommun.org\/index.php\/wp-json\/wp\/v2\/users\/1"}],"replies":[{"embeddable":true,"href":"http:\/\/soclecommun.org\/index.php\/wp-json\/wp\/v2\/comments?post=1"}],"version-history":[{"count":2,"href":"http:\/\/soclecommun.org\/index.php\/wp-json\/wp\/v2\/posts\/1\/revisions"}],"predecessor-version":[{"id":867,"href":"http:\/\/soclecommun.org\/index.php\/wp-json\/wp\/v2\/posts\/1\/revisions\/867"}],"wp:attachment":[{"href":"http:\/\/soclecommun.org\/index.php\/wp-json\/wp\/v2\/media?parent=1"}],"wp:term":[{"taxonomy":"category","embeddable":true,"href":"http:\/\/soclecommun.org\/index.php\/wp-json\/wp\/v2\/categories?post=1"},{"taxonomy":"post_tag","embeddable":true,"href":"http:\/\/soclecommun.org\/index.php\/wp-json\/wp\/v2\/tags?post=1"}],"curies":[{"name":"wp","href":"https:\/\/api.w.org\/{rel}","templated":true}]}}